{"id":17,"date":"2024-04-13T20:39:40","date_gmt":"2024-04-13T18:39:40","guid":{"rendered":"https:\/\/femmesdenivelles.wordpress.com\/2024\/04\/13\/oratoire-dedie-a-notre-dame\/"},"modified":"2024-04-13T20:39:40","modified_gmt":"2024-04-13T18:39:40","slug":"oratoire-dedie-a-notre-dame","status":"publish","type":"post","link":"https:\/\/femmesdenivelles.be\/index.php\/2024\/04\/13\/oratoire-dedie-a-notre-dame\/","title":{"rendered":"Oratoire d\u00e9di\u00e9 \u00e0 Notre-Dame et Parvis Notre-Dame"},"content":{"rendered":"\n<p>L&rsquo;oratoire du monast\u00e8re de Nivelles d\u00e9di\u00e9 \u00e0&nbsp;Notre-Dame \u00e9tait r\u00e9serv\u00e9 \u00e0 la communaut\u00e9 f\u00e9minine.<\/p>\n\n\n\n<p><a href=\"http:\/\/tourisme-nivelles.be\/index.php?option=com_content&amp;view=article&amp;id=456%3Aloratoire-cimeterial-du-haut-moyen-age&amp;catid=16%3Afr-patrimoine&amp;Itemid=67\" target=\"_blank\" rel=\"noreferrer noopener\">Pour le visiter<\/a><\/p>\n\n\n\n<p><a href=\"https:\/\/fr.wikipedia.org\/wiki\/Oratoire_Notre-Dame\" target=\"_blank\" rel=\"noreferrer noopener\">Les autres oratoires Notre-Dame<\/a><\/p>\n\n\n\n<p><\/p>\n","protected":false},"excerpt":{"rendered":"<p>L&rsquo;oratoire du monast\u00e8re de Nivelles d\u00e9di\u00e9 \u00e0&nbsp;Notre-Dame \u00e9tait r\u00e9serv\u00e9 \u00e0 la communaut\u00e9 f\u00e9minine. Pour le visiter Les autres oratoires Notre-Dame<\/p>\n","protected":false},"author":1,"featured_media":65,"comment_status":"open","ping_status":"open","sticky":false,"template":"","format":"standard","meta":{"_jetpack_memberships_contains_paid_content":false,"footnotes":""},"categories":[3],"tags":[8,11],"class_list":["post-17","post","type-post","status-publish","format-standard","has-post-thumbnail","hentry","category-lieux","tag-histoire-de-nivelles","tag-religion"],"jetpack_sharing_enabled":true,"jetpack_featured_media_url":"https:\/\/femmesdenivelles.be\/wp-content\/uploads\/2024\/04\/img_0253-1.jpg","_links":{"self":[{"href":"https:\/\/femmesdenivelles.be\/index.php\/wp-json\/wp\/v2\/posts\/17","targetHints":{"allow":["GET"]}}],"collection":[{"href":"https:\/\/femmesdenivelles.be\/index.php\/wp-json\/wp\/v2\/posts"}],"about":[{"href":"https:\/\/femmesdenivelles.be\/index.php\/wp-json\/wp\/v2\/types\/post"}],"author":[{"embeddable":true,"href":"https:\/\/femmesdenivelles.be\/index.php\/wp-json\/wp\/v2\/users\/1"}],"replies":[{"embeddable":true,"href":"https:\/\/femmesdenivelles.be\/index.php\/wp-json\/wp\/v2\/comments?post=17"}],"version-history":[{"count":0,"href":"https:\/\/femmesdenivelles.be\/index.php\/wp-json\/wp\/v2\/posts\/17\/revisions"}],"wp:featuredmedia":[{"embeddable":true,"href":"https:\/\/femmesdenivelles.be\/index.php\/wp-json\/wp\/v2\/media\/65"}],"wp:attachment":[{"href":"https:\/\/femmesdenivelles.be\/index.php\/wp-json\/wp\/v2\/media?parent=17"}],"wp:term":[{"taxonomy":"category","embeddable":true,"href":"https:\/\/femmesdenivelles.be\/index.php\/wp-json\/wp\/v2\/categories?post=17"},{"taxonomy":"post_tag","embeddable":true,"href":"https:\/\/femmesdenivelles.be\/index.php\/wp-json\/wp\/v2\/tags?post=17"}],"curies":[{"name":"wp","href":"https:\/\/api.w.org\/{rel}","templated":true}]}}